{"id":386,"date":"2024-01-24T15:35:52","date_gmt":"2024-01-24T15:35:52","guid":{"rendered":"https:\/\/pmetdev.wpenginepowered.com\/news\/changement-au-niveau-du-conseil-dadministration-et-de-la-haute-direction-ken-brinsden-devient-pdg-et-setablit-au-quebec\/"},"modified":"2025-07-30T19:16:08","modified_gmt":"2025-07-30T19:16:08","slug":"changement-au-niveau-du-conseil-dadministration-et-de-la-haute-direction-ken-brinsden-devient-pdg-et-setablit-au-quebec","status":"publish","type":"news","link":"https:\/\/www.pmet.ca\/fr\/nouvelles\/changement-au-niveau-du-conseil-dadministration-et-de-la-haute-direction-ken-brinsden-devient-pdg-et-setablit-au-quebec\/","title":{"rendered":"Changement au niveau du conseil d\u2019administration et de la haute direction \u2013 Ken Brinsden devient PDG et s\u2019\u00e9tablit au Qu\u00e9bec"},"content":{"rendered":"<p><strong>Faits saillants<\/strong><\/p>\n<ul>\n<li>Ken Brinsden, \u00e9x\u00e9cutif chevronn\u00e9 sp\u00e9cialis\u00e9 en exploitation mini\u00e8re, devient chef de la direction, pr\u00e9sident et directeur g\u00e9n\u00e9ral, et s\u2019\u00e9tablit \u00e0 Montr\u00e9al, au Qu\u00e9bec. Il \u00e9tait auparavant pr\u00e9sident du conseil d\u2019administration.<\/li>\n<li>Pierre Boivin (r\u00e9sident du Qu\u00e9bec), auparavant administrateur, assume d\u00e9sormais le r\u00f4le de pr\u00e9sident du conseil d\u2019administration.<\/li>\n<li>Blair Way, le pr\u00e9sident et chef de la direction actuel, devient chef de l\u2019exploitation et conserve son poste d\u2019administrateur.<\/li>\n<li>Les changements touchant le conseil d\u2019administration et la direction entrent en vigueur le 24\u00a0janvier 2024.<\/li>\n<li>Les changements ont \u00e9t\u00e9 apport\u00e9s dans l\u2019intention d\u2019accro\u00eetre la pr\u00e9sence de la haute direction de M\u00e9taux de Batteries Patriot inc. au Qu\u00e9bec, alors que le projet Corvette de la Soci\u00e9t\u00e9 amorce la phase de mise en valeur.<\/li>\n<\/ul>\n<p><strong>M\u00e9taux de Batteries Patriot\u00a0inc. (la \u00ab\u00a0Soci\u00e9t\u00e9\u00a0\u00bb ou \u00ab\u00a0Patriot\u00a0\u00bb) (TSX-V\u00a0: PMET) (ASX\u00a0: PMT) (OTCQB\u00a0: PMETF) (FSE\u00a0: R9GA) <\/strong>a le plaisir d\u2019annoncer que le conseil d\u2019administration (le \u00ab <strong>conseil<\/strong> \u00bb) a convenu \u00e0 l\u2019unanimit\u00e9 d\u2019apporter des r\u00e9visions \u00e0 la composition du conseil et de l\u2019\u00e9quipe de haute direction de la Soci\u00e9t\u00e9 en soutien \u00e0 la progression rapide et continue du projet Corvette.<\/p>\n<p>L\u2019exploration men\u00e9e \u00e0 ce jour au projet Corvette d\u00e9montrant une ampleur significative pour le d\u00e9veloppement futur de la cha\u00eene d\u2019approvisionnement nord-am\u00e9ricaine en mati\u00e8res premi\u00e8res et en mati\u00e8res chimiques de lithium, la Soci\u00e9t\u00e9 a d\u00e9cid\u00e9 d\u2019accentuer sa pr\u00e9sence au Qu\u00e9bec. La Soci\u00e9t\u00e9 consid\u00e8re qu\u2019il est essentiel que le noyau de la haute direction soit \u00e9tabli au Qu\u00e9bec afin de renforcer la capacit\u00e9 \u00e9x\u00e9cutive et de gestion, afin de favoriser un engagement significatif avec les principales parties prenantes locales et de saisir les meilleures opportunit\u00e9s possibles pour le d\u00e9veloppement du projet en temps opportun.<\/p>\n<p>Blair\u00a0Way, chef de l\u2019exploitation et administrateur, a affirm\u00e9\u00a0:\u00a0\u00ab\u00a0<em>C\u2019est le bon moment pour accro\u00eetre la capacit\u00e9 au Qu\u00e9bec en soutien \u00e0 la mise en valeur du projet. Nous avons la chance de compter sur une personne du calibre et de l\u2019exp\u00e9rience de Ken dans le secteur du lithium pour mener la marche, \u00e9tant donn\u00e9 qu\u2019il a d\u00e9j\u00e0 occup\u00e9 un tel poste au sein de Pilbara Minerals, faisant passer cette soci\u00e9t\u00e9 de la phase de mise en valeur \u00e0 l\u2019un des plus grands producteurs de lithium au monde.<\/em><\/p>\n<p><em>Je veux voir la Soci\u00e9t\u00e9 grandir de succ\u00e8s en succ\u00e8s et je suis tout \u00e0 fait convaincu que sous le leadership de Pierre et de Ken, tous deux \u00e9tablis au Qu\u00e9bec, et gr\u00e2ce \u00e0 la continuit\u00e9 assur\u00e9e par mon r\u00f4le en tant que chef de l\u2019exploitation, nous avons la bonne strat\u00e9gie.\u00a0\u00bb<\/em><\/p>\n<p>Pierre Boivin, pr\u00e9sident du conseil d\u2019administration, a d\u00e9clar\u00e9\u00a0:\u00a0\u00ab\u00a0<em>Lorsque je me suis joint \u00e0 la Soci\u00e9t\u00e9 en tant qu\u2019administrateur en juin\u00a02023, j\u2019\u00e9tais optimiste quant au potentiel du projet Corvette. Gr\u00e2ce \u00e0 l\u2019excellent travail que Blair et l\u2019\u00e9quipe ont accompli et continuent d\u2019accomplir dans le cadre de l\u2019avancement du projet, je continue d\u2019\u00eatre enthousiaste \u00e0 l\u2019\u00e9gard de ce que repr\u00e9sentera le passage du projet Corvette \u00e0 la prochaine \u00e9tape pour le Qu\u00e9bec et pour la mise en valeur des cha\u00eenes d\u2019approvisionnement en lithium nord-am\u00e9ricaines et europ\u00e9ennes.<\/em>\u00a0\u00bb<\/p>\n<p>Ken Brinsden, chef de la direction, pr\u00e9sident et directeur g\u00e9n\u00e9ral, a ajout\u00e9\u00a0: \u00ab\u00a0<em>\u00c9tant donn\u00e9 l\u2019emplacement de Corvette et l\u2019envergure qu\u2019a pris ce projet, celui-ci constitue d\u00e9cid\u00e9ment l\u2019un des meilleurs projets de mise en valeur de mati\u00e8res premi\u00e8res de lithium \u00e0 l\u2019\u00e9chelle mondiale, sinon le meilleur. Depuis que je me suis joint \u00e0 Patriot en ao\u00fbt 2022, l\u2019importance de Corvette pour la r\u00e9gion n\u2019a fait que cro\u00eetre, et le projet m\u00e9rite dor\u00e9navant davantage d\u2019attention au niveau local. D\u2019o\u00f9 mon engagement \u00e0 d\u00e9m\u00e9nager au Qu\u00e9bec, \u00e0 renforcer l\u2019\u00e9quipe de direction et \u00e0 interagir en profondeur avec les principales parties prenantes qui contribueront au succ\u00e8s du projet.<\/em><\/p>\n<p><em>J\u2019aimerais aussi profiter de l\u2019occasion pour exprimer ma gratitude envers Blair et les apports importants qu\u2019il a faits \u00e0 ce jour \u00e0 la Soci\u00e9t\u00e9. Il a regroup\u00e9 l\u2019impressionnant portefeuille de titres miniers d\u00e9tenus aujourd\u2019hui par Patriot, recueilli les capitaux initiaux n\u00e9cessaires au financement des programmes de forage, facilit\u00e9 l\u2019investissement d\u2019Albemarle et dirig\u00e9 la d\u00e9couverte du plus grand gisement de pegmatite \u00e0 lithium en Am\u00e9rique. Blair s\u2019est r\u00e9v\u00e9l\u00e9 un atout majeur pour la Soci\u00e9t\u00e9 et demeurera une force motrice positive pour Patriot alors qu\u2019il assumera les responsabilit\u00e9s de chef de l\u2019exploitation<\/em>.\u00a0\u00bb<\/p>\n<p>Un sommaire des modalit\u00e9s importantes du contrat de services de haute direction de M. Brinsden est pr\u00e9sent\u00e9 \u00e0 l\u2019annexe jointe \u00e0 la pr\u00e9sente annonce.<\/p>\n<p><strong>Octroi d\u2019attributions aux administrateurs dans le cadre du r\u00e9gime <\/strong><\/p>\n<p>La Soci\u00e9t\u00e9 annonce \u00e9galement qu\u2019elle a conclu des conventions en vue d\u2019octroyer un total de 1\u00a0348\u00a0016\u00a0options sur actions (les \u00ab\u00a0<strong>options<\/strong>\u00a0\u00bb) et un total de 20\u00a0085\u00a0unit\u00e9s d\u2019actions diff\u00e9r\u00e9es (les \u00ab\u00a0UAD\u00a0\u00bb) \u00e0 certains administrateurs de la Soci\u00e9t\u00e9 (collectivement, les \u00ab\u00a0attributions au titre du r\u00e9gime\u00a0\u00bb).<\/p>\n<p>En vertu des r\u00e8gles de l\u2019Australian Securities Exchange (\u00ab\u00a0ASX\u00a0\u00bb), l\u2019octroi des attributions au titre du r\u00e9gime est assujetti \u00e0 l\u2019approbation d\u2019une majorit\u00e9 simple des actionnaires \u00e0 la prochaine assembl\u00e9e des actionnaires de la Soci\u00e9t\u00e9.<\/p>\n<p>Les attributions au titre du r\u00e9gime sont r\u00e9gies par les modalit\u00e9s du r\u00e9gime incitatif g\u00e9n\u00e9ral fond\u00e9 sur des titres de capitaux propres de la Soci\u00e9t\u00e9 approuv\u00e9 par les actionnaires de la Soci\u00e9t\u00e9 le 19\u00a0septembre\u00a02023 (le \u00ab\u00a0r\u00e9gime g\u00e9n\u00e9ral\u00a0\u00bb).<\/p>\n<p>De plus amples renseignements sur les attributions au titre du r\u00e9gime vis\u00e9es par l\u2019octroi propos\u00e9 sont donn\u00e9s dans l\u2019annexe\u00a0jointe \u00e0 la pr\u00e9sente annonce. Un exemplaire des modalit\u00e9s du r\u00e9gime g\u00e9n\u00e9ral est disponible sous le profil de la Soci\u00e9t\u00e9 \u00e0 l\u2019adresse <a href=\"https:\/\/www.sedarplus.ca\/landingpage\/fr\/\">www.sedarplus.ca<\/a>.<\/p>\n<p><strong>\u00c0 propos de Pierre Boivin<\/strong><\/p>\n<ol>\n<li>Boivin est un avocat chevronn\u00e9 comptant plus de 40\u00a0ans d\u2019exp\u00e9rience en droit des affaires, plus particuli\u00e8rement dans le secteur des ressources. Il exerce sa pratique depuis pr\u00e8s de 25\u00a0ans au sein de McCarthy T\u00e9trault et agit actuellement en qualit\u00e9 de conseil, de Chef national du groupe Afrique, de Responsable pour le Qu\u00e9bec du groupe mondial m\u00e9taux et mines et de membre du Groupe consultatif strat\u00e9gique du cabinet. Les connaissances de M.\u00a0Boivin s\u2019\u00e9tendent \u00e0 plusieurs secteurs d\u2019activit\u00e9, plus particuli\u00e8rement aux secteurs de l\u2019exploitation mini\u00e8re et du p\u00e9trole et du gaz, tant \u00e0 l\u2019\u00e9chelle nationale qu\u2019internationale.<\/li>\n<\/ol>\n<p>Au fil des ans, M.\u00a0Boivin a \u00e9t\u00e9 reconnu \u00e0 maintes reprises comme un avocat canadien de premier plan dans divers domaines et publications, comme le r\u00e9pertoire <em>Who\u2019s Who Legal Canada<\/em> dans le secteur minier, le r\u00e9pertoire juridique canadien <em>Lexpert<\/em> dans les secteurs de l\u2019exploitation mini\u00e8re, de l\u2019\u00e9nergie (\u00e9lectricit\u00e9), du p\u00e9trole et du gaz et des moyennes entreprises, ainsi que dans les \u00e9ditions sp\u00e9ciales de <em>Lexpert<\/em> sur les avocats canadiens de premier plan dans les domaines de l\u2019exploitation mini\u00e8re mondiale, des soci\u00e9t\u00e9s transfrontali\u00e8res, des infrastructures et de l\u2019\u00e9nergie. <em>Acritas Stars<\/em> et <em>Thomson Reuters<\/em> l\u2019ont reconnu comme un avocat de renom et APL Energies lui a d\u00e9cern\u00e9 le titre de personnalit\u00e9 de l\u2019ann\u00e9e en 2019, un prix de r\u00e9ussite professionnelle pour l\u2019ensemble de sa carri\u00e8re dans le secteur de l\u2019\u00e9nergie au Qu\u00e9bec.<\/p>\n<p>Au fil du temps, M. Boivin a \u00e9t\u00e9 membre de divers conseils d\u2019administration d\u2019organisations \u00e0 but lucratif et sans but lucratif, dont actuellement Exportation et d\u00e9veloppement Canada (\u00ab\u00a0EDC\u00a0\u00bb), l\u2019Institut de financement du d\u00e9veloppement Canada Inc. (\u00ab\u00a0FinDev Canada\u00a0\u00bb) et NSIA Participations (\u00ab\u00a0C\u00f4te d\u2019Ivoire\u00a0\u00bb) \u00e0 titre de membre d\u00e9sign\u00e9 par la Banque Nationale du Canada. Il est \u00e9galement membre du comit\u00e9 de gouvernance de l\u2019Institut canadien des mines, de la m\u00e9tallurgie et du p\u00e9trole, est dipl\u00f4m\u00e9 de l\u2019Institut des administrateurs de soci\u00e9t\u00e9s du Canada et a re\u00e7u la d\u00e9signation ESG Global de Competent Boards.<\/p>\n<p><strong>\u00c0 propos de Ken Brinsden<\/strong><\/p>\n<ol start=\"1993\">\n<li>Brinsden est un ing\u00e9nieur minier comptant quelque 30\u00a0ans d\u2019exp\u00e9rience en exploitation mini\u00e8re de surface et souterraine. M. Brinsden a obtenu son dipl\u00f4me de la Western Australian School of Mines en 1993. Auparavant, il a travaill\u00e9 pour WMC Resources, Normandy, Central Norseman Gold Corporation, GoldFields, Iluka Resources, Atlas Iron et Pilbara Minerals dans divers r\u00f4les de production, de mise en valeur, de gestion, de mise en valeur de mines dans des secteurs \u00ab\u00a0greenfield\u00a0\u00bb et \u00ab\u00a0brownfield\u00a0\u00bb, de direction et au sein de conseils d\u2019administration.<\/li>\n<li>Brinsden s\u2019est joint \u00e0 Pilbara Minerals \u00e0 titre de chef de la direction en janvier 2016 et a \u00e9t\u00e9 nomm\u00e9 directeur g\u00e9n\u00e9ral et chef de la direction en mai 2016. Il a dirig\u00e9 le d\u00e9veloppement rapide de Pilbara Minerals par le biais du d\u00e9veloppement de l\u2019entreprise, du financement, de l\u2019ex\u00e9cution de projets et de la production continue \u00e0 Pilgangoora, qui est ainsi devenu l\u2019un des principaux projets de mise en valeur du lithium \u00e0 l\u2019\u00e9chelle mondiale et a facilit\u00e9 l\u2019entr\u00e9e de Pilbara au palmar\u00e8s ASX\u00a0100 (puis au palmar\u00e8s\u00a0ASX 50). Pilbara Minerals est maintenant une soci\u00e9t\u00e9 de 11\u00a0milliards$\u00a0AU qui produit et vend plus de 600\u00a0000\u00a0tonnes de concentr\u00e9 de spodum\u00e8ne par ann\u00e9e et qui dispose d\u2019un portefeuille grandissant d\u2019options de croissance de production verticalement int\u00e9gr\u00e9e.<\/li>\n<\/ol>\n<p><strong>\u00c0 propos de M\u00e9taux de Batteries Patriot\u00a0inc.<\/strong><\/p>\n<p>M\u00e9taux de Batteries Patriot\u00a0inc. est une soci\u00e9t\u00e9 d\u2019exploration pour le lithium de roche dure qui se concentre sur l\u2019avancement de ses activit\u00e9s dans le district Corvette, propri\u00e9t\u00e9 d\u00e9tenue \u00e0 100\u00a0% et situ\u00e9e dans la r\u00e9gion Eeyou Istchee Baie-James (Qu\u00e9bec, Canada) \u00e0 proximit\u00e9 d\u2019infrastructures routi\u00e8res et de lignes \u00e9lectriques r\u00e9gionales. La propri\u00e9t\u00e9 Corvette abrite la pegmatite \u00e0 spodum\u00e8ne CV5, dont la premi\u00e8re estimation des ressources min\u00e9rales se chiffre \u00e0 109,2\u00a0Mt \u00e0 1,42\u00a0% Li<sub>2<\/sub>O de ressources pr\u00e9sum\u00e9es<sup>1<\/sup>, se classant comme la plus grande ressource de pegmatite \u00e0 lithium des Am\u00e9riques en termes d\u2019\u00e9quivalent de carbonate de lithium contenu (\u00ab\u00a0ECL\u00a0\u00bb) et parmi les 10\u00a0plus grandes ressources de pegmatite \u00e0 lithium au monde. De plus, la propri\u00e9t\u00e9 Corvette contient de nombreux autres groupes de pegmatites \u00e0 spodum\u00e8ne qui n\u2019ont pas encore \u00e9t\u00e9 test\u00e9s par forage, ainsi qu\u2019un corridor de prospection de plus de 20\u00a0km qui doit \u00eatre \u00e9valu\u00e9.<\/p>\n<p><em><sup>1<\/sup><\/em><em>\u00a0L\u2019estimation des ressources min\u00e9rales pour CV5 (109,2 Mt \u00e0 1,42\u00a0% Li<sub>2<\/sub>O et 160\u00a0ppm Ta<sub>2<\/sub>O<sub>5<\/sub>\u00a0de ressources pr\u00e9sum\u00e9es) est pr\u00e9sent\u00e9e \u00e0 une teneur de coupure de 0,40\u00a0% Li<sub>2<\/sub>O \u00e0 la date d\u2019effet du 25\u00a0juin\u00a02023 (jusqu\u2019au forage CV23-190 inclusivement). Les ressources min\u00e9rales ne sont pas des r\u00e9serves min\u00e9rales puisque leur viabilit\u00e9 \u00e9conomique n\u2019a pas \u00e9t\u00e9 d\u00e9montr\u00e9e.<\/em><\/p>\n<p>Pour obtenir de plus amples renseignements, veuillez communiquer avec nous \u00e0 l\u2019adresse info@patriotbatterymetals.com, nous t\u00e9l\u00e9phoner au num\u00e9ro +1 (604) 279-8709 ou visiter notre site Web au www.patriotbatterymetals.com. Veuillez \u00e9galement consulter les documents d\u2019information continue de la Soci\u00e9t\u00e9 qui ont \u00e9t\u00e9 d\u00e9pos\u00e9s et qui sont disponibles sous son profil aux adresses www.sedarplus.ca et www.asx.com.au, pour obtenir les donn\u00e9es d\u2019exploration disponibles.<\/p>\n<p>Au nom du conseil d\u2019administration,<\/p>\n<p>\u00ab<em>\u00a0Ken Brinsden\u00a0<\/em>\u00bb<\/p>\n<p>Ken Brinsden \u2013 chef de la direction, pr\u00e9sident et directeur g\u00e9n\u00e9ral<\/p>\n<p>Pour de plus amples renseignements, veuillez communiquer avec\u00a0:<\/p>\n<p>&nbsp;<\/p>\n<table width=\"671\">\n<tbody>\n<tr>\n<td width=\"312\">Brad Seward<\/p>\n<p>Vice-pr\u00e9sident, Relations investisseurs<\/p>\n<p>&nbsp;<\/p>\n<p>T\u00e9l\u00e9phone\u00a0: +61 400 199 471<br \/>\nCourriel\u00a0: bseward@patriotbatterymetals.com<\/td>\n<td width=\"359\">Olivier Caza-Lapointe<\/p>\n<p>Responsable \u2013 Relations investisseurs \u2013 Am\u00e9rique du Nord<\/p>\n<p>T\u00e9l\u00e9phone\u00a0: +1 (438) 822-5918<\/p>\n<p>Courriel\u00a0: ocazalapointe@patriotbatterymetals.com<\/td>\n<\/tr>\n<\/tbody>\n<\/table>\n<p><strong><em>Mise en garde concernant l\u2019information prospective<\/em><\/strong><\/p>\n<p><em>Le pr\u00e9sent communiqu\u00e9 contient de l\u2019\u00ab\u00a0information prospective\u00a0\u00bb ou des \u00ab\u00a0\u00e9nonc\u00e9s prospectifs\u00a0\u00bb au sens des lois sur les valeurs mobili\u00e8res applicables et d\u2019autres \u00e9nonc\u00e9s qui ne sont pas des faits historiques.<\/em><em> On reconna\u00eet souvent les \u00e9nonc\u00e9s prospectifs \u00e0 l\u2019emploi de termes comme \u00ab\u00a0pouvoir\u00a0\u00bb, \u00ab\u00a0devoir\u00a0\u00bb, \u00ab\u00a0pr\u00e9voir\u00a0\u00bb, \u00ab\u00a0s\u2019attendre \u00e0\u00a0\u00bb et autres expressions semblables. Tous les \u00e9nonc\u00e9s, autres que les \u00e9nonc\u00e9s de faits historiques, contenus dans le pr\u00e9sent communiqu\u00e9 de presse sont des \u00e9nonc\u00e9s prospectifs qui comportent des risques et des incertitudes. Plus particuli\u00e8rement, sans s\u2019y limiter, le pr\u00e9sent communiqu\u00e9 de presse renferme des \u00e9nonc\u00e9s prospectifs se rapportant aux r\u00e9gimes de la Soci\u00e9t\u00e9 en ce qui concerne la r\u00e9mun\u00e9ration incitative attribu\u00e9e \u00e0 certains de ses administrateurs.<\/em><\/p>\n<p><em>Rien ne peut garantir que cette information ou ces \u00e9nonc\u00e9s se r\u00e9v\u00e9leront exacts, et les r\u00e9sultats r\u00e9els et les \u00e9v\u00e9nements futurs pourraient diff\u00e9rer consid\u00e9rablement de ce qui est pr\u00e9vu dans ces \u00e9nonc\u00e9s.<\/em><em> Les facteurs importants qui pourraient faire en sorte que les r\u00e9sultats r\u00e9els diff\u00e8rent consid\u00e9rablement des attentes de la Soci\u00e9t\u00e9 comprennent, entre autres, la capacit\u00e9 de la Soci\u00e9t\u00e9 de fournir une mise \u00e0 jour de l\u2019estimation des ressources min\u00e9rales dans les d\u00e9lais pr\u00e9vus et d\u2019autres risques d\u00e9crits \u00e0 l\u2019occasion dans les documents d\u00e9pos\u00e9s par la Soci\u00e9t\u00e9 aupr\u00e8s des autorit\u00e9s en valeurs mobili\u00e8res, disponibles aux adresses www.sedarplus.ca et www.asx.com.au.<\/em><\/p>\n<p><em>Les lecteurs sont pri\u00e9s de noter que les hypoth\u00e8ses utilis\u00e9es dans la pr\u00e9paration de toute information prospective pourraient se r\u00e9v\u00e9ler inexactes.<\/em><em>Des \u00e9v\u00e9nements ou des circonstances pourraient faire en sorte que les r\u00e9sultats r\u00e9els diff\u00e8rent consid\u00e9rablement de ceux pr\u00e9vus en raison de nombreux risques, incertitudes et autres facteurs connus et inconnus, dont bon nombre sont ind\u00e9pendants de la volont\u00e9 de la Soci\u00e9t\u00e9. Les lecteurs sont pri\u00e9s de ne pas se fier ind\u00fbment \u00e0 toute information prospective. Ces informations, bien qu\u2019elles soient jug\u00e9es raisonnables par la direction au moment de leur pr\u00e9paration, peuvent se r\u00e9v\u00e9ler inexactes, et les r\u00e9sultats r\u00e9els peuvent diff\u00e9rer consid\u00e9rablement de ceux pr\u00e9vus. Les \u00e9nonc\u00e9s prospectifs qui figurent dans le pr\u00e9sent communiqu\u00e9 de presse sont donn\u00e9s enti\u00e8rement sous r\u00e9serve de la pr\u00e9sente mise en garde. Les \u00e9nonc\u00e9s prospectifs contenus dans le pr\u00e9sent communiqu\u00e9 de presse sont pr\u00e9sent\u00e9s en date du pr\u00e9sent communiqu\u00e9 de presse et la Soci\u00e9t\u00e9 mettra \u00e0 jour ou r\u00e9visera publiquement les \u00e9nonc\u00e9s prospectifs contenus dans le pr\u00e9sent communiqu\u00e9 de presse, comme l\u2019exigent express\u00e9ment les lois applicables.<\/em><\/p>\n<p><em>Aucune autorit\u00e9 en valeurs mobili\u00e8res ni aucune bourse, y compris la Bourse de croissance TSX et son fournisseur de services de r\u00e9glementation (au sens donn\u00e9 \u00e0 ce terme dans les politiques de la Bourse de croissance TSX), n\u2019a examin\u00e9 le contenu du pr\u00e9sent communiqu\u00e9 ni n\u2019accepte quelque responsabilit\u00e9 que ce soit quant \u00e0 la pertinence ou \u00e0 l\u2019exactitude du pr\u00e9sent communiqu\u00e9 de presse.<\/em><\/p>\n<p style=\"font-weight: 400;\"><strong>ANNEXE <\/strong><\/p>\n<ol>\n<li><strong>KEN BRINSDEN\u00a0\u2013\u00a0PRINCIPALES MODALIT\u00c9S DU CONTRAT DE SERVICES DE HAUTE DIRECTION<\/strong><\/li>\n<\/ol>\n<p style=\"font-weight: 400;\">Conform\u00e9ment \u00e0 la r\u00e8gle d\u2019inscription 3.16.4 de l\u2019ASX, un r\u00e9sum\u00e9 des principales modalit\u00e9s du nouveau contrat de services de haute direction de M.\u00a0Ken Brinsden figure ci-apr\u00e8s.<strong><\/p>\n<p><\/strong><\/p>\n<table style=\"font-weight: 400;\" width=\"657\">\n<tbody>\n<tr>\n<td width=\"123\"><strong>Dur\u00e9e et cessation d\u2019emploi<\/strong><\/td>\n<td width=\"534\">L\u2019emploi de M.\u00a0Brinsden au poste de chef de la direction, pr\u00e9sident et directeur g\u00e9n\u00e9ral commencera le 24 janvier 2024 et n\u2019a pas de dur\u00e9e d\u00e9termin\u00e9e. M. Brinsden peut d\u00e9missionner en tout temps en donnant un pr\u00e9avis \u00e9crit de trois mois. La Soci\u00e9t\u00e9 peut mettre fin \u00e0 l\u2019emploi de M.\u00a0Brinsden en tout temps en donnant un avis \u00e9crit et versant certains paiements tenant lieu de p\u00e9riode de pr\u00e9avis (parmi certains autres paiements qui figurent ci-apr\u00e8s).<\/td>\n<\/tr>\n<tr>\n<td width=\"123\"><strong>R\u00e9mun\u00e9ration fixe totale\u00a0\u2013\u00a0Salaire de base<\/strong><\/td>\n<td width=\"534\">La r\u00e9mun\u00e9ration brute fixe totale de M.\u00a0Brinsden est de 500\u00a0000\u00a0$\u00a0CA par ann\u00e9e et fait l&rsquo;objet d&rsquo;un examen annuel par la Soci\u00e9t\u00e9. Un examen ne garantit pas une augmentation de salaire; toutefois, la r\u00e9mun\u00e9ration fixe totale de M.\u00a0Brinsden ne peut \u00eatre r\u00e9duite.<\/td>\n<\/tr>\n<tr>\n<td width=\"123\"><strong>R\u00e9mun\u00e9ration variable ou \u00ab\u00a0\u00e0 risque\u00a0\u00bb\u00a0\u2013\u00a0Prime incitative \u00e0 court terme (PICT)<\/strong><\/td>\n<td width=\"534\">M.\u00a0Brinsden est admissible chaque ann\u00e9e \u00e0 des avantages PICT sous forme de prime au comptant annuelle potentielle pouvant atteindre 100\u00a0% de la r\u00e9mun\u00e9ration fixe totale de M.\u00a0Brinsden. La prime au comptant r\u00e9elle gagn\u00e9e par M.\u00a0Brinsden (le cas \u00e9ch\u00e9ant) sera \u00e9tablie au gr\u00e9 du conseil, conform\u00e9ment au r\u00e9gime incitatif \u00e0 court terme, apr\u00e8s une \u00e9valuation du rendement de la Soci\u00e9t\u00e9 et du rendement de M.\u00a0Brinsden compte tenu des objectifs de rendement convenus. Le conseil peut accorder \u00e0 M.\u00a0Brinsden une prime au comptant aux termes du r\u00e9gime incitatif \u00e0 court terme correspondant \u00e0 moins de 100\u00a0% de la r\u00e9mun\u00e9ration fixe totale de M.\u00a0Brinsden dans des circonstances o\u00f9 tous les objectifs de rendement n\u2019ont pas \u00e9t\u00e9 atteints pour l\u2019ann\u00e9e pertinente.<\/td>\n<\/tr>\n<tr>\n<td width=\"123\"><strong>R\u00e9mun\u00e9ration variable ou \u00ab\u00a0\u00e0 risque\u00a0\u00bb\u00a0\u2013\u00a0Incitatif \u00e0 long terme (ILT)<\/strong><\/td>\n<td width=\"534\">M.\u00a0Brinsden demeure admissible \u00e0 tout r\u00e9gime incitatif \u00e0 long terme que la Soci\u00e9t\u00e9 peut offrir \u00e0 l\u2019occasion, sous r\u00e9serve des modalit\u00e9s de ce r\u00e9gime et de l\u2019approbation requise des actionnaires. La Soci\u00e9t\u00e9 offre actuellement le r\u00e9gime g\u00e9n\u00e9ral. Le nombre de titres attribu\u00e9s dans le cadre du r\u00e9gime g\u00e9n\u00e9ral et les modalit\u00e9s (y compris les seuils li\u00e9s au rendement) qui s\u2019appliquent \u00e0 l\u2019acquisition ou \u00e0 l\u2019exercice de ces titres seront \u00e9tablis au gr\u00e9 du conseil.<\/td>\n<\/tr>\n<tr>\n<td width=\"123\"><strong>Paiements en cas de cessation d\u2019emploi<\/strong><\/td>\n<td width=\"534\">Si la Soci\u00e9t\u00e9 met fin \u00e0 l\u2019emploi de M.\u00a0Brinsden sans motif valable ou si M.\u00a0Brinsden d\u00e9missionne en raison d\u2019un changement d\u00e9favorable important survenant \u00e0 l\u2019\u00e9gard du titre, du poste, des pouvoirs, des responsabilit\u00e9s ou de la r\u00e9mun\u00e9ration de M.\u00a0Brinsden, comme il est \u00e9nonc\u00e9 dans le contrat de services se rapportant \u00e0 la haute direction, la Soci\u00e9t\u00e9\u00a0:<\/p>\n<p>\u00b7\u00a0\u00a0\u00a0\u00a0\u00a0\u00a0\u00a0\u00a0\u00a0\u00a0 versera les \u00e9l\u00e9ments accumul\u00e9s de la r\u00e9mun\u00e9ration fixe totale, soit un montant correspondant aux cong\u00e9s annuels non utilis\u00e9s et un montant repr\u00e9sentant la prime au comptant du r\u00e9gime ICT applicable pour l\u2019ann\u00e9e, calcul\u00e9s au prorata des jours travaill\u00e9s jusqu\u2019\u00e0 la cessation d\u2019emploi;<\/p>\n<p>\u00b7\u00a0\u00a0\u00a0\u00a0\u00a0\u00a0\u00a0\u00a0\u00a0\u00a0 versera un montant tenant lieu de pr\u00e9avis correspondant \u00e0 100\u00a0% de la r\u00e9mun\u00e9ration fixe totale annuelle, un montant repr\u00e9sentant une indemnit\u00e9 pour perte de primes du r\u00e9gime ICT pendant 12 mois correspondant \u00e0 100\u00a0% de la r\u00e9mun\u00e9ration fixe totale annuelle multipli\u00e9e par deux;<\/p>\n<p>\u00b7\u00a0\u00a0\u00a0\u00a0\u00a0\u00a0\u00a0\u00a0\u00a0\u00a0\u00a0\u00a0 attribuera le nombre d\u2019actions ordinaires pouvant \u00eatre \u00e9mises aux termes de toute attribution ILT aux termes du r\u00e9gime alors en cours, mais dont les droits ne sont pas acquis, multipli\u00e9es par le pourcentage de la p\u00e9riode d\u2019acquisition de ces attributions ILT aux termes du r\u00e9gime correspondant \u00e0 la p\u00e9riode entre la date de leur octroi et la date de cessation d\u2019emploi.<\/p>\n<p>Si la Soci\u00e9t\u00e9 met fin \u00e0 l\u2019emploi de M.\u00a0Brinsden pour un motif valable ou si M.\u00a0Brinsden d\u00e9missionne pour tout autre motif, M.\u00a0Brinsden n\u2019aura droit qu\u2019aux \u00e9l\u00e9ments de la r\u00e9mun\u00e9ration fixe totale et des indemnit\u00e9s de vacances qui se sont accumul\u00e9es et sont payables (ainsi qu\u2019\u00e0 toute autre r\u00e9mun\u00e9ration incitative que le conseil a d\u00e9clar\u00e9e comme ayant \u00e9t\u00e9 gagn\u00e9e et \u00e9tant due avant la date de cessation d\u2019emploi). Les attributions octroy\u00e9es aux termes d\u2019un r\u00e9gime ILT seront r\u00e9gies par les modalit\u00e9s du r\u00e9gime ILT qui s\u2019appliquent dans ces circonstances.<\/td>\n<\/tr>\n<tr>\n<td width=\"123\"><strong>Paiement en cas de changement de contr\u00f4le<\/strong><\/td>\n<td width=\"534\">Si un changement de contr\u00f4le a lieu \u00e0 l\u2019\u00e9gard de la Soci\u00e9t\u00e9, M.\u00a0Brinsden aura le droit de recevoir une prime au comptant correspondant i)\u00a0\u00e0 son salaire de base pendant 24\u00a0mois et ii)\u00a0\u00e0 sa prime cible aux termes du r\u00e9gime PICT pendant 24\u00a0mois, calcul\u00e9e en multipliant par deux son salaire de base au moment o\u00f9 se produit l\u2019\u00e9v\u00e9nement entra\u00eenant le changement de contr\u00f4le, d\u00e9duction faite des d\u00e9ductions applicables pr\u00e9vues par la loi.<\/td>\n<\/tr>\n<\/tbody>\n<\/table>\n<p style=\"font-weight: 400;\">\n<ol start=\"2\">\n<li><strong>MODALIT\u00c9S DES ATTRIBUTIONS AUX TERMES DU R\u00c9GIME POUVANT \u00caTRE OCTROY\u00c9ES AUX ADMINISTRATEURS<\/strong><\/li>\n<\/ol>\n<p style=\"font-weight: 400;\">La Soci\u00e9t\u00e9 entend octroyer les attributions aux termes du r\u00e9gime \u00e9nonc\u00e9es ci-apr\u00e8s, sous r\u00e9serve de l\u2019approbation des actionnaires conform\u00e9ment \u00e0 la Listing Rule 10.14 de l\u2019ASX.<\/p>\n<p style=\"font-weight: 400;\"><strong>Ken Brinsden<\/strong><\/p>\n<ul>\n<li>450\u00a0000\u00a0options, chacune pouvant \u00eatre exerc\u00e9e en vue d\u2019acqu\u00e9rir une action ordinaire de la Soci\u00e9t\u00e9 au prix d\u2019exercice de 9,78\u00a0$\u00a0CA au plus tard le 24\u00a0janvier 2029 (options composant la tranche\u00a01 du chef de la direction). Les options composant la tranche 1 du chef de la direction sont octroy\u00e9es aux termes du r\u00e9gime g\u00e9n\u00e9ral en r\u00e8glement int\u00e9gral et d\u00e9finitif de l\u2019entente conclue ant\u00e9rieurement pour assumer les fonctions de pr\u00e9sident du conseil de Patriot en 2022 et seront acquises en versements \u00e9gaux \u00e0 raison d\u2019un tiers au premier, au deuxi\u00e8me et au troisi\u00e8me anniversaires suivant le 24 janvier 2024.<\/li>\n<li>7\u00a0764 UAD qui deviendront acquises le 24\u00a0janvier 2025. Les UAD sont octroy\u00e9es aux termes du r\u00e9gime g\u00e9n\u00e9ral et correspondent aux UAD attribuables en lien avec le salaire annuel de M.\u00a0Brinsden jusqu\u2019\u00e0 la fin de l\u2019exercice pr\u00e9c\u00e9dant l\u2019annonce de son nouveau contrat de services de haute direction, \u00e9tabli au prorata sur 10 mois.<\/li>\n<li>450\u00a0000\u00a0options, chacune pouvant \u00eatre exerc\u00e9e en vue d\u2019acqu\u00e9rir une action ordinaire de la Soci\u00e9t\u00e9 \u00e0 un prix par action ordinaire correspondant i) au cours de cl\u00f4ture des actions ordinaires de la Soci\u00e9t\u00e9 \u00e0 la Bourse de croissance de la TSX le 24\u00a0janvier 2024 ou, s\u2019il est plus \u00e9lev\u00e9, ii) au cours moyen pond\u00e9r\u00e9 en fonction du volume sur cinq jours au Canada des actions ordinaires de la Soci\u00e9t\u00e9 \u00e0 compter du 25\u00a0janvier 2024, multipli\u00e9 par 1,15 et venant \u00e0 \u00e9ch\u00e9ance le 24\u00a0janvier 2029 (options composant la tranche\u00a02 du chef de la direction). Les options composant la tranche\u00a02 du chef de la direction sont octroy\u00e9es aux termes du r\u00e9gime g\u00e9n\u00e9ral \u00e0 titre de prime \u00e0 la signature pour souligner la transition de M.\u00a0Brinsden au poste de chef de la direction, pr\u00e9sident et directeur g\u00e9n\u00e9ral et seront acquises en versements \u00e9gaux \u00e0 raison d\u2019un tiers au premier, au deuxi\u00e8me et au troisi\u00e8me anniversaires suivant le 24\u00a0janvier 2024.<\/li>\n<\/ul>\n<p style=\"font-weight: 400;\"><strong>Pierre Boivin<\/strong><\/p>\n<ul>\n<li>104\u00a0008\u00a0options, chacune pouvant \u00eatre exerc\u00e9e en vue d\u2019acqu\u00e9rir une action ordinaire de la Soci\u00e9t\u00e9 au prix d\u2019exercice de 9,78\u00a0$\u00a0CA et venant \u00e0 \u00e9ch\u00e9ance le 24\u00a0janvier 2029 (options composant la tranche\u00a01 du pr\u00e9sident du conseil). Les options composant la tranche 1 du pr\u00e9sident du conseil sont octroy\u00e9es aux termes du r\u00e9gime g\u00e9n\u00e9ral en reconnaissance des ann\u00e9es de service fournies ant\u00e9rieurement par M.\u00a0Boivin en sa qualit\u00e9 d\u2019administrateur et, si elles sont approuv\u00e9es, ces options seront acquises en versements \u00e9gaux \u00e0 raison d\u2019un tiers au premier, au deuxi\u00e8me et au troisi\u00e8me anniversaires suivant le 24\u00a0janvier 2024.<\/li>\n<li>4\u00a0245\u00a0UAD qui deviendront acquises le 24\u00a0janvier 2025. Les UAD sont octroy\u00e9es aux termes du r\u00e9gime g\u00e9n\u00e9ral et correspondent aux UAD attribuables en lien avec le salaire annuel de M.\u00a0Boivin jusqu\u2019\u00e0 la fin de l\u2019exercice au cours duquel il a agi \u00e0 titre d\u2019administrateur et \u00e0 certaines UAD attribuables pour la partie de l\u2019exercice o\u00f9 il a agi en qualit\u00e9 de pr\u00e9sident du conseil.<\/li>\n<li>240\u00a0000\u00a0options, chacune pouvant \u00eatre exerc\u00e9e en vue d\u2019acqu\u00e9rir une action ordinaire de la Soci\u00e9t\u00e9 \u00e0 un prix par action ordinaire correspondant i) au cours de cl\u00f4ture des actions ordinaires de la Soci\u00e9t\u00e9 \u00e0 la Bourse de croissance de la TSX le 24\u00a0janvier 2024 ou, s\u2019il est plus \u00e9lev\u00e9, ii) au cours moyen pond\u00e9r\u00e9 en fonction du volume sur cinq jours au Canada des actions ordinaires de la Soci\u00e9t\u00e9 \u00e0 compter du 25\u00a0janvier 2024, multipli\u00e9 par 1,15 et venant \u00e0 \u00e9ch\u00e9ance le 24\u00a0janvier 2029 (options composant la tranche\u00a02 du pr\u00e9sident du conseil). Les options composant la tranche\u00a02 du pr\u00e9sident du conseil sont octroy\u00e9es aux termes du r\u00e9gime g\u00e9n\u00e9ral \u00e0 titre de prime \u00e0 la signature pour souligner la transition de M.\u00a0Boivin au poste de pr\u00e9sident du conseil et seront acquises en versements \u00e9gaux \u00e0 raison d\u2019un tiers au premier, au deuxi\u00e8me et au troisi\u00e8me anniversaires suivant le 24\u00a0janvier\u00a02024.<\/li>\n<\/ul>\n<p style=\"font-weight: 400;\"><strong>Melissa Desrochers<\/strong><\/p>\n<ul>\n<li>104\u00a0008\u00a0options, chacune pouvant \u00eatre exerc\u00e9e en vue d\u2019acqu\u00e9rir une action ordinaire de la Soci\u00e9t\u00e9 au prix d\u2019exercice de 9,78\u00a0$\u00a0CA et venant \u00e0 \u00e9ch\u00e9ance le 24\u00a0janvier 2029 (options composant la tranche\u00a01 d\u2019un membre du conseil). Les options composant la tranche 1 d\u2019un membre du conseil sont octroy\u00e9es aux termes du r\u00e9gime g\u00e9n\u00e9ral \u00e0 titre de prime \u00e0 la signature pour souligner la nomination au conseil de M<sup>me<\/sup>Desrochers et, si elles sont approuv\u00e9es, ces options seront acquises en versements \u00e9gaux \u00e0 raison d\u2019un tiers au premier, au deuxi\u00e8me et au troisi\u00e8me anniversaires suivant le 24\u00a0janvier 2024.<\/li>\n<li>4\u00a0038\u00a0UAD qui deviendront acquises le 24\u00a0janvier 2025. Les UAD sont octroy\u00e9es aux termes du r\u00e9gime g\u00e9n\u00e9ral et correspondent aux UAD attribuables en lien avec le salaire annuel de M<sup>me<\/sup>Desrochers jusqu\u2019\u00e0 la fin de l\u2019exercice au cours duquel elle a agi \u00e0 titre d\u2019administratrice.<\/li>\n<\/ul>\n<p style=\"font-weight: 400;\"><strong>Brian Jennings<\/strong><\/p>\n<ul>\n<li>4\u00a0038\u00a0UAD qui deviendront acquises le 24\u00a0janvier 2025. Les UAD sont octroy\u00e9es aux termes du r\u00e9gime g\u00e9n\u00e9ral et correspondent aux UAD attribuables en lien avec le salaire annuel de M.\u00a0Jennings jusqu\u2019\u00e0 la fin de l\u2019exercice au cours duquel il a agi \u00e0 titre d\u2019administrateur.<\/li>\n<\/ul>\n","protected":false},"excerpt":{"rendered":"<p>Faits saillants Ken Brinsden, \u00e9x\u00e9cutif chevronn\u00e9 sp\u00e9cialis\u00e9 en exploitation mini\u00e8re, devient chef de la direction, pr\u00e9sident et directeur g\u00e9n\u00e9ral, et s\u2019\u00e9tablit \u00e0 Montr\u00e9al, au Qu\u00e9bec. Il \u00e9tait auparavant pr\u00e9sident du conseil d\u2019administration. Pierre Boivin (r\u00e9sident du Qu\u00e9bec), auparavant administrateur, assume d\u00e9sormais le r\u00f4le de pr\u00e9sident du conseil d\u2019administration. Blair Way, le pr\u00e9sident et chef de [&hellip;]<\/p>\n","protected":false},"author":1,"featured_media":0,"template":"","meta":{"_acf_changed":false,"footnotes":""},"news-category":[28],"class_list":["post-386","news","type-news","status-publish","hentry","news-category-nouvelles-de-lentreprise"],"acf":[],"yoast_head":"<!-- This site is optimized with the Yoast SEO plugin v27.5 - https:\/\/yoast.com\/product\/yoast-seo-wordpress\/ -->\n<title>Changement au niveau du conseil d\u2019administration et de la haute direction \u2013 Ken Brinsden devient PDG et s\u2019\u00e9tablit au Qu\u00e9bec | RESSOURCES PMET<\/title>\n<meta name=\"robots\" content=\"index, follow, max-snippet:-1, max-image-preview:large, max-video-preview:-1\" \/>\n<link rel=\"canonical\" href=\"https:\/\/www.pmet.ca\/fr\/nouvelles\/changement-au-niveau-du-conseil-dadministration-et-de-la-haute-direction-ken-brinsden-devient-pdg-et-setablit-au-quebec\/\" \/>\n<meta property=\"og:locale\" content=\"fr_FR\" \/>\n<meta property=\"og:type\" content=\"article\" \/>\n<meta property=\"og:title\" content=\"Changement au niveau du conseil d\u2019administration et de la haute direction \u2013 Ken Brinsden devient PDG et s\u2019\u00e9tablit au Qu\u00e9bec | RESSOURCES PMET\" \/>\n<meta property=\"og:description\" content=\"Faits saillants Ken Brinsden, \u00e9x\u00e9cutif chevronn\u00e9 sp\u00e9cialis\u00e9 en exploitation mini\u00e8re, devient chef de la direction, pr\u00e9sident et directeur g\u00e9n\u00e9ral, et s\u2019\u00e9tablit \u00e0 Montr\u00e9al, au Qu\u00e9bec. Il \u00e9tait auparavant pr\u00e9sident du conseil d\u2019administration. Pierre Boivin (r\u00e9sident du Qu\u00e9bec), auparavant administrateur, assume d\u00e9sormais le r\u00f4le de pr\u00e9sident du conseil d\u2019administration. Blair Way, le pr\u00e9sident et chef de [&hellip;]\" \/>\n<meta property=\"og:url\" content=\"https:\/\/www.pmet.ca\/fr\/nouvelles\/changement-au-niveau-du-conseil-dadministration-et-de-la-haute-direction-ken-brinsden-devient-pdg-et-setablit-au-quebec\/\" \/>\n<meta property=\"og:site_name\" content=\"RESSOURCES PMET\" \/>\n<meta property=\"article:modified_time\" content=\"2025-07-30T19:16:08+00:00\" \/>\n<meta name=\"twitter:card\" content=\"summary_large_image\" \/>\n<meta name=\"twitter:site\" content=\"@PMET_Resources\" \/>\n<meta name=\"twitter:label1\" content=\"Est. reading time\" \/>\n\t<meta name=\"twitter:data1\" content=\"22 minutes\" \/>\n<script type=\"application\/ld+json\" class=\"yoast-schema-graph\">{\"@context\":\"https:\\\/\\\/schema.org\",\"@graph\":[{\"@type\":\"NewsArticle\",\"@id\":\"https:\\\/\\\/www.pmet.ca\\\/fr\\\/nouvelles\\\/changement-au-niveau-du-conseil-dadministration-et-de-la-haute-direction-ken-brinsden-devient-pdg-et-setablit-au-quebec\\\/#article\",\"isPartOf\":{\"@id\":\"https:\\\/\\\/www.pmet.ca\\\/fr\\\/nouvelles\\\/changement-au-niveau-du-conseil-dadministration-et-de-la-haute-direction-ken-brinsden-devient-pdg-et-setablit-au-quebec\\\/\"},\"author\":{\"name\":\"PMET Resources\",\"@id\":\"https:\\\/\\\/www.pmet.ca\\\/fr\\\/#\\\/schema\\\/person\\\/69ed683ba8ad7c42c19ef2db8fc16370\"},\"headline\":\"Changement au niveau du conseil d\u2019administration et de la haute direction \u2013 Ken Brinsden devient PDG et s\u2019\u00e9tablit au Qu\u00e9bec\",\"datePublished\":\"2024-01-24T15:35:52+00:00\",\"dateModified\":\"2025-07-30T19:16:08+00:00\",\"mainEntityOfPage\":{\"@id\":\"https:\\\/\\\/www.pmet.ca\\\/fr\\\/nouvelles\\\/changement-au-niveau-du-conseil-dadministration-et-de-la-haute-direction-ken-brinsden-devient-pdg-et-setablit-au-quebec\\\/\"},\"wordCount\":4390,\"commentCount\":0,\"publisher\":{\"@id\":\"https:\\\/\\\/www.pmet.ca\\\/fr\\\/#organization\"},\"inLanguage\":\"fr-FR\"},{\"@type\":\"WebPage\",\"@id\":\"https:\\\/\\\/www.pmet.ca\\\/fr\\\/nouvelles\\\/changement-au-niveau-du-conseil-dadministration-et-de-la-haute-direction-ken-brinsden-devient-pdg-et-setablit-au-quebec\\\/\",\"url\":\"https:\\\/\\\/www.pmet.ca\\\/fr\\\/nouvelles\\\/changement-au-niveau-du-conseil-dadministration-et-de-la-haute-direction-ken-brinsden-devient-pdg-et-setablit-au-quebec\\\/\",\"name\":\"Changement au niveau du conseil d\u2019administration et de la haute direction \u2013 Ken Brinsden devient PDG et s\u2019\u00e9tablit au Qu\u00e9bec | RESSOURCES PMET\",\"isPartOf\":{\"@id\":\"https:\\\/\\\/www.pmet.ca\\\/fr\\\/#website\"},\"datePublished\":\"2024-01-24T15:35:52+00:00\",\"dateModified\":\"2025-07-30T19:16:08+00:00\",\"breadcrumb\":{\"@id\":\"https:\\\/\\\/www.pmet.ca\\\/fr\\\/nouvelles\\\/changement-au-niveau-du-conseil-dadministration-et-de-la-haute-direction-ken-brinsden-devient-pdg-et-setablit-au-quebec\\\/#breadcrumb\"},\"inLanguage\":\"fr-FR\",\"potentialAction\":[{\"@type\":\"ReadAction\",\"target\":[\"https:\\\/\\\/www.pmet.ca\\\/fr\\\/nouvelles\\\/changement-au-niveau-du-conseil-dadministration-et-de-la-haute-direction-ken-brinsden-devient-pdg-et-setablit-au-quebec\\\/\"]}]},{\"@type\":\"BreadcrumbList\",\"@id\":\"https:\\\/\\\/www.pmet.ca\\\/fr\\\/nouvelles\\\/changement-au-niveau-du-conseil-dadministration-et-de-la-haute-direction-ken-brinsden-devient-pdg-et-setablit-au-quebec\\\/#breadcrumb\",\"itemListElement\":[{\"@type\":\"ListItem\",\"position\":1,\"name\":\"Home\",\"item\":\"https:\\\/\\\/www.pmet.ca\\\/fr\\\/\"},{\"@type\":\"ListItem\",\"position\":2,\"name\":\"Changement au niveau du conseil d\u2019administration et de la haute direction \u2013 Ken Brinsden devient PDG et s\u2019\u00e9tablit au Qu\u00e9bec\"}]},{\"@type\":\"WebSite\",\"@id\":\"https:\\\/\\\/www.pmet.ca\\\/fr\\\/#website\",\"url\":\"https:\\\/\\\/www.pmet.ca\\\/fr\\\/\",\"name\":\"PMET Resources\",\"description\":\"North America&#039;s Critical-Mineral Powerhouse\",\"publisher\":{\"@id\":\"https:\\\/\\\/www.pmet.ca\\\/fr\\\/#organization\"},\"alternateName\":\"PMET Resources\",\"potentialAction\":[{\"@type\":\"SearchAction\",\"target\":{\"@type\":\"EntryPoint\",\"urlTemplate\":\"https:\\\/\\\/www.pmet.ca\\\/fr\\\/?s={search_term_string}\"},\"query-input\":{\"@type\":\"PropertyValueSpecification\",\"valueRequired\":true,\"valueName\":\"search_term_string\"}}],\"inLanguage\":\"fr-FR\"},{\"@type\":\"Organization\",\"@id\":\"https:\\\/\\\/www.pmet.ca\\\/fr\\\/#organization\",\"name\":\"Ressources PMET\",\"alternateName\":\"Ressources PMET\",\"url\":\"https:\\\/\\\/www.pmet.ca\\\/fr\\\/\",\"logo\":{\"@type\":\"ImageObject\",\"inLanguage\":\"fr-FR\",\"@id\":\"https:\\\/\\\/www.pmet.ca\\\/fr\\\/#\\\/schema\\\/logo\\\/image\\\/\",\"url\":\"https:\\\/\\\/www.pmet.ca\\\/wp-content\\\/uploads\\\/2025\\\/07\\\/logo-rgb-bilingue.webp\",\"contentUrl\":\"https:\\\/\\\/www.pmet.ca\\\/wp-content\\\/uploads\\\/2025\\\/07\\\/logo-rgb-bilingue.webp\",\"width\":600,\"height\":600,\"caption\":\"Ressources PMET\"},\"image\":{\"@id\":\"https:\\\/\\\/www.pmet.ca\\\/fr\\\/#\\\/schema\\\/logo\\\/image\\\/\"},\"sameAs\":[\"https:\\\/\\\/x.com\\\/PMET_Resources\",\"https:\\\/\\\/www.linkedin.com\\\/company\\\/pmetresources\\\/\",\"https:\\\/\\\/www.instagram.com\\\/pmetresources\\\/\"]},{\"@type\":\"Person\",\"@id\":\"https:\\\/\\\/www.pmet.ca\\\/fr\\\/#\\\/schema\\\/person\\\/69ed683ba8ad7c42c19ef2db8fc16370\",\"name\":\"PMET Resources\",\"image\":{\"@type\":\"ImageObject\",\"inLanguage\":\"fr-FR\",\"@id\":\"https:\\\/\\\/secure.gravatar.com\\\/avatar\\\/e92e073825fe667eda7d5d5dec59efa98b6438a1b48567fe496542b839cd9df7?s=96&d=mm&r=g\",\"url\":\"https:\\\/\\\/secure.gravatar.com\\\/avatar\\\/e92e073825fe667eda7d5d5dec59efa98b6438a1b48567fe496542b839cd9df7?s=96&d=mm&r=g\",\"contentUrl\":\"https:\\\/\\\/secure.gravatar.com\\\/avatar\\\/e92e073825fe667eda7d5d5dec59efa98b6438a1b48567fe496542b839cd9df7?s=96&d=mm&r=g\",\"caption\":\"PMET Resources\"},\"sameAs\":[\"https:\\\/\\\/www.pmet.ca\"],\"url\":\"https:\\\/\\\/www.pmet.ca\\\/fr\\\/author\\\/pmetdev\\\/\"}]}<\/script>\n<!-- \/ Yoast SEO plugin. -->","yoast_head_json":{"title":"Changement au niveau du conseil d\u2019administration et de la haute direction \u2013 Ken Brinsden devient PDG et s\u2019\u00e9tablit au Qu\u00e9bec | RESSOURCES PMET","robots":{"index":"index","follow":"follow","max-snippet":"max-snippet:-1","max-image-preview":"max-image-preview:large","max-video-preview":"max-video-preview:-1"},"canonical":"https:\/\/www.pmet.ca\/fr\/nouvelles\/changement-au-niveau-du-conseil-dadministration-et-de-la-haute-direction-ken-brinsden-devient-pdg-et-setablit-au-quebec\/","og_locale":"fr_FR","og_type":"article","og_title":"Changement au niveau du conseil d\u2019administration et de la haute direction \u2013 Ken Brinsden devient PDG et s\u2019\u00e9tablit au Qu\u00e9bec | RESSOURCES PMET","og_description":"Faits saillants Ken Brinsden, \u00e9x\u00e9cutif chevronn\u00e9 sp\u00e9cialis\u00e9 en exploitation mini\u00e8re, devient chef de la direction, pr\u00e9sident et directeur g\u00e9n\u00e9ral, et s\u2019\u00e9tablit \u00e0 Montr\u00e9al, au Qu\u00e9bec. Il \u00e9tait auparavant pr\u00e9sident du conseil d\u2019administration. Pierre Boivin (r\u00e9sident du Qu\u00e9bec), auparavant administrateur, assume d\u00e9sormais le r\u00f4le de pr\u00e9sident du conseil d\u2019administration. Blair Way, le pr\u00e9sident et chef de [&hellip;]","og_url":"https:\/\/www.pmet.ca\/fr\/nouvelles\/changement-au-niveau-du-conseil-dadministration-et-de-la-haute-direction-ken-brinsden-devient-pdg-et-setablit-au-quebec\/","og_site_name":"RESSOURCES PMET","article_modified_time":"2025-07-30T19:16:08+00:00","twitter_card":"summary_large_image","twitter_site":"@PMET_Resources","twitter_misc":{"Est. reading time":"22 minutes"},"schema":{"@context":"https:\/\/schema.org","@graph":[{"@type":"NewsArticle","@id":"https:\/\/www.pmet.ca\/fr\/nouvelles\/changement-au-niveau-du-conseil-dadministration-et-de-la-haute-direction-ken-brinsden-devient-pdg-et-setablit-au-quebec\/#article","isPartOf":{"@id":"https:\/\/www.pmet.ca\/fr\/nouvelles\/changement-au-niveau-du-conseil-dadministration-et-de-la-haute-direction-ken-brinsden-devient-pdg-et-setablit-au-quebec\/"},"author":{"name":"PMET Resources","@id":"https:\/\/www.pmet.ca\/fr\/#\/schema\/person\/69ed683ba8ad7c42c19ef2db8fc16370"},"headline":"Changement au niveau du conseil d\u2019administration et de la haute direction \u2013 Ken Brinsden devient PDG et s\u2019\u00e9tablit au Qu\u00e9bec","datePublished":"2024-01-24T15:35:52+00:00","dateModified":"2025-07-30T19:16:08+00:00","mainEntityOfPage":{"@id":"https:\/\/www.pmet.ca\/fr\/nouvelles\/changement-au-niveau-du-conseil-dadministration-et-de-la-haute-direction-ken-brinsden-devient-pdg-et-setablit-au-quebec\/"},"wordCount":4390,"commentCount":0,"publisher":{"@id":"https:\/\/www.pmet.ca\/fr\/#organization"},"inLanguage":"fr-FR"},{"@type":"WebPage","@id":"https:\/\/www.pmet.ca\/fr\/nouvelles\/changement-au-niveau-du-conseil-dadministration-et-de-la-haute-direction-ken-brinsden-devient-pdg-et-setablit-au-quebec\/","url":"https:\/\/www.pmet.ca\/fr\/nouvelles\/changement-au-niveau-du-conseil-dadministration-et-de-la-haute-direction-ken-brinsden-devient-pdg-et-setablit-au-quebec\/","name":"Changement au niveau du conseil d\u2019administration et de la haute direction \u2013 Ken Brinsden devient PDG et s\u2019\u00e9tablit au Qu\u00e9bec | RESSOURCES PMET","isPartOf":{"@id":"https:\/\/www.pmet.ca\/fr\/#website"},"datePublished":"2024-01-24T15:35:52+00:00","dateModified":"2025-07-30T19:16:08+00:00","breadcrumb":{"@id":"https:\/\/www.pmet.ca\/fr\/nouvelles\/changement-au-niveau-du-conseil-dadministration-et-de-la-haute-direction-ken-brinsden-devient-pdg-et-setablit-au-quebec\/#breadcrumb"},"inLanguage":"fr-FR","potentialAction":[{"@type":"ReadAction","target":["https:\/\/www.pmet.ca\/fr\/nouvelles\/changement-au-niveau-du-conseil-dadministration-et-de-la-haute-direction-ken-brinsden-devient-pdg-et-setablit-au-quebec\/"]}]},{"@type":"BreadcrumbList","@id":"https:\/\/www.pmet.ca\/fr\/nouvelles\/changement-au-niveau-du-conseil-dadministration-et-de-la-haute-direction-ken-brinsden-devient-pdg-et-setablit-au-quebec\/#breadcrumb","itemListElement":[{"@type":"ListItem","position":1,"name":"Home","item":"https:\/\/www.pmet.ca\/fr\/"},{"@type":"ListItem","position":2,"name":"Changement au niveau du conseil d\u2019administration et de la haute direction \u2013 Ken Brinsden devient PDG et s\u2019\u00e9tablit au Qu\u00e9bec"}]},{"@type":"WebSite","@id":"https:\/\/www.pmet.ca\/fr\/#website","url":"https:\/\/www.pmet.ca\/fr\/","name":"PMET Resources","description":"North America&#039;s Critical-Mineral Powerhouse","publisher":{"@id":"https:\/\/www.pmet.ca\/fr\/#organization"},"alternateName":"PMET Resources","potentialAction":[{"@type":"SearchAction","target":{"@type":"EntryPoint","urlTemplate":"https:\/\/www.pmet.ca\/fr\/?s={search_term_string}"},"query-input":{"@type":"PropertyValueSpecification","valueRequired":true,"valueName":"search_term_string"}}],"inLanguage":"fr-FR"},{"@type":"Organization","@id":"https:\/\/www.pmet.ca\/fr\/#organization","name":"Ressources PMET","alternateName":"Ressources PMET","url":"https:\/\/www.pmet.ca\/fr\/","logo":{"@type":"ImageObject","inLanguage":"fr-FR","@id":"https:\/\/www.pmet.ca\/fr\/#\/schema\/logo\/image\/","url":"https:\/\/www.pmet.ca\/wp-content\/uploads\/2025\/07\/logo-rgb-bilingue.webp","contentUrl":"https:\/\/www.pmet.ca\/wp-content\/uploads\/2025\/07\/logo-rgb-bilingue.webp","width":600,"height":600,"caption":"Ressources PMET"},"image":{"@id":"https:\/\/www.pmet.ca\/fr\/#\/schema\/logo\/image\/"},"sameAs":["https:\/\/x.com\/PMET_Resources","https:\/\/www.linkedin.com\/company\/pmetresources\/","https:\/\/www.instagram.com\/pmetresources\/"]},{"@type":"Person","@id":"https:\/\/www.pmet.ca\/fr\/#\/schema\/person\/69ed683ba8ad7c42c19ef2db8fc16370","name":"PMET Resources","image":{"@type":"ImageObject","inLanguage":"fr-FR","@id":"https:\/\/secure.gravatar.com\/avatar\/e92e073825fe667eda7d5d5dec59efa98b6438a1b48567fe496542b839cd9df7?s=96&d=mm&r=g","url":"https:\/\/secure.gravatar.com\/avatar\/e92e073825fe667eda7d5d5dec59efa98b6438a1b48567fe496542b839cd9df7?s=96&d=mm&r=g","contentUrl":"https:\/\/secure.gravatar.com\/avatar\/e92e073825fe667eda7d5d5dec59efa98b6438a1b48567fe496542b839cd9df7?s=96&d=mm&r=g","caption":"PMET Resources"},"sameAs":["https:\/\/www.pmet.ca"],"url":"https:\/\/www.pmet.ca\/fr\/author\/pmetdev\/"}]}},"_links":{"self":[{"href":"https:\/\/www.pmet.ca\/fr\/wp-json\/wp\/v2\/news\/386","targetHints":{"allow":["GET"]}}],"collection":[{"href":"https:\/\/www.pmet.ca\/fr\/wp-json\/wp\/v2\/news"}],"about":[{"href":"https:\/\/www.pmet.ca\/fr\/wp-json\/wp\/v2\/types\/news"}],"author":[{"embeddable":true,"href":"https:\/\/www.pmet.ca\/fr\/wp-json\/wp\/v2\/users\/1"}],"version-history":[{"count":0,"href":"https:\/\/www.pmet.ca\/fr\/wp-json\/wp\/v2\/news\/386\/revisions"}],"wp:attachment":[{"href":"https:\/\/www.pmet.ca\/fr\/wp-json\/wp\/v2\/media?parent=386"}],"wp:term":[{"taxonomy":"news-category","embeddable":true,"href":"https:\/\/www.pmet.ca\/fr\/wp-json\/wp\/v2\/news-category?post=386"}],"curies":[{"name":"wp","href":"https:\/\/api.w.org\/{rel}","templated":true}]}}